{"id":1206,"date":"2021-07-23T21:59:20","date_gmt":"2021-07-23T21:59:20","guid":{"rendered":"https:\/\/initiative-hungerberg.de\/?p=1206"},"modified":"2021-07-23T22:25:20","modified_gmt":"2021-07-23T22:25:20","slug":"vorhaltestandort-hungerberg-im-faktenchek-der-region","status":"publish","type":"post","link":"https:\/\/initiative-hungerberg.de\/?p=1206","title":{"rendered":"Anschreiben an die Region zum Faktencheck Hungerberg"},"content":{"rendered":"\n<p>Vorhaltestandort Hungerberg im Faktenchek der Region<\/p>\n\n\n\n<h4 class=\"wp-block-heading\"><strong>Sehr geehrte Damen und Herren<\/strong>,\u00a0<\/h4>\n\n\n\n<p>Sie haben gestern einen Faktencheck auf Ihrer Website ver\u00f6ffentlicht. Mit Verwunderung haben wir festgestellt, dass Sie hierbei Ihre eigenen Aussagen auf Richtigkeit \u00fcberpr\u00fcft haben<\/p>\n\n\n\n<h4 class=\"wp-block-heading\">Hierzu zwei Beispiele:<\/h4>\n\n\n\n<blockquote class=\"wp-block-quote is-style-default is-layout-flow wp-block-quote-is-layout-flow\"><p><strong>Aussage: Am Hungerberg soll eine Fl\u00e4che f\u00fcr einen verkehrsintensiven und emissionstr\u00e4chtigen 24-Stunden-Betrieb entstehen.<\/strong><\/p><\/blockquote>\n\n\n\n<p>In einem Bericht der Region Stuttgart aktuell 1\/2021 (Seiten 16\/17) wird dies genauso dargestellt, mit dem Vorhaltestandort Hungerberg soll danach dem Mangel an Fl\u00e4chen f\u00fcr verkehrsintensive und immissionstr\u00e4chtige Nutzungen begegnet werden.<\/p>\n\n\n\n<p>Zitat: \u201eIn Kooperation zwischen der Wirtschaftsf\u00f6rderung Region Stuttgart (WRS) und den beteiligten Gemeinden Dettingen, Kirchheim unter Teck und Notzingen wird dort die Entwicklung eines \u201eStrategischen Vorhaltestandorts\u201c angestrebt. Ziel dabei ist es, potenziellen Investoren kurzfristig einen nutzbaren Bauplatz anbieten zu k\u00f6nnen. (\u2026) Das Konzept adressiert den erkennbaren Mangel vor allem an gro\u00dfen Fl\u00e4chen, die f\u00fcr verkehrsintensive und immissionstr\u00e4chtige Nutzungen geeignet sind.\u201c<\/p>\n\n\n\n<blockquote class=\"wp-block-quote is-layout-flow wp-block-quote-is-layout-flow\"><p><strong>Aussage: Allein 320 Hektar sind f\u00fcr die bauliche Entwicklung gesichert, davon sind 6 Standorte gr\u00f6\u00dfer als 20 Hektar. In der ganzen Region Stuttgart gibt es laut den Fl\u00e4chennutzungspl\u00e4nen 1.000 Hektar potenzielle Gewerbe- und Industriefl\u00e4chen.<\/strong><\/p><\/blockquote>\n\n\n\n<p>Nahezu exakt diese Aussagen finden sich in den Unterlagen des Regionalverbands.<\/p>\n\n\n\n<p>Zitat: \u201eIn den derzeitigen regionalen Gewerbeschwerpunkten sind rund 320 Hektar f\u00fcr eine bauliche Entwicklung gesichert, jedoch sind davon nur sechs Gebiete gr\u00f6\u00dfer als 20 Hektar.\u201c Presseinformation Verband Region Stuttgart vom 10.12.2020<\/p>\n\n\n\n<p>Zitat: \u201eIn den rechtskr\u00e4ftigen Fl\u00e4chennutzungspl\u00e4nen sind rund 1000 Hektar potenzieller Gewerbe- und Industriegebiete dargestellt\u201c Sitzungsvorlage Nr. 033\/2021 der Regionalversammlung am 28.04.2021<\/p>\n\n\n\n<p>Insbesondere diese Aussagen aus der Region haben wir verwendet, um unsere Sicht auf den Hungerberg darzustellen. Indem Sie diese Aussagen eines Faktenchecks unterziehen, suggerieren Sie, dass hier Falschbehauptungen kursieren.&nbsp;<\/p>\n\n\n\n<p>Wir sind sehr \u00fcberrascht, dass wir uns auf Aussagen und Formulierungen aus den Ver\u00f6ffentlichungen des Verbands Region Stuttgart als B\u00fcrger*innen nicht verlassen k\u00f6nnen.&nbsp;<\/p>\n\n\n\n<p>Wir gehen davon aus, dass Sie den Faktencheck entsprechend \u00e4ndern werden und wir uns zuk\u00fcnftig darauf verlassen k\u00f6nnen, dass die vom Verband Region Stuttgart ver\u00f6ffentlichten Information zur sachlichen Meinungsbildung herangezogen werden k\u00f6nnen.&nbsp;<\/p>\n\n\n\n<p>Vorhaltestandort Hungerberg im Faktenchek der <a href=\"http:\/\/region-stuttgart.org\/\">Region<\/a>.<\/p>\n","protected":false},"excerpt":{"rendered":"<p>Vorhaltestandort Hungerberg im Faktenchek der Region Sehr geehrte Damen und Herren,\u00a0 Sie haben gestern einen Faktencheck auf Ihrer Website ver\u00f6ffentlicht. Mit Verwunderung haben wir festgestellt, dass Sie hierbei Ihre eigenen &hellip; <a href=\"https:\/\/initiative-hungerberg.de\/?p=1206\" class=\"more-link\"><span class=\"screen-reader-text\">\u201eAnschreiben an die Region zum Faktencheck Hungerberg\u201c<\/span> weiterlesen<\/a><\/p>\n","protected":false},"author":1,"featured_media":0,"comment_status":"open","ping_status":"open","sticky":false,"template":"","format":"standard","meta":{"_monsterinsights_skip_tracking":false,"_monsterinsights_sitenote_active":false,"_monsterinsights_sitenote_note":"","_monsterinsights_sitenote_category":0,"_jetpack_memberships_contains_paid_content":false,"footnotes":""},"categories":[25,20],"tags":[],"class_list":["post-1206","post","type-post","status-publish","format-standard","hentry","category-region","category-von-der-initiative"],"yoast_head":"<!-- This site is optimized with the Yoast SEO plugin v27.5 - https:\/\/yoast.com\/product\/yoast-seo-wordpress\/ -->\n<title>Anschreiben an die Region zum Faktencheck Hungerberg -<\/title>\n<meta name=\"description\" content=\"Region \u00fcberpr\u00fcft eigene Aussagen zum Vorhaltestandort Hungerberg - Vorhaltestandort Hungerberg im Faktenchek der Region\" \/>\n<meta name=\"robots\" content=\"index, follow, max-snippet:-1, max-image-preview:large, max-video-preview:-1\" \/>\n<link rel=\"canonical\" href=\"https:\/\/initiative-hungerberg.de\/?p=1206\" \/>\n<meta property=\"og:locale\" content=\"de_DE\" \/>\n<meta property=\"og:type\" content=\"article\" \/>\n<meta property=\"og:title\" content=\"Anschreiben an die Region zum Faktencheck Hungerberg -\" \/>\n<meta property=\"og:description\" content=\"Region \u00fcberpr\u00fcft eigene Aussagen zum Vorhaltestandort Hungerberg - Vorhaltestandort Hungerberg im Faktenchek der Region\" \/>\n<meta property=\"og:url\" content=\"https:\/\/initiative-hungerberg.de\/?p=1206\" \/>\n<meta property=\"og:site_name\" content=\"B\u00fcrgerinitiative Hungerberg\" \/>\n<meta property=\"article:published_time\" content=\"2021-07-23T21:59:20+00:00\" \/>\n<meta property=\"article:modified_time\" content=\"2021-07-23T22:25:20+00:00\" \/>\n<meta name=\"author\" content=\"manfredhaefele\" \/>\n<meta name=\"twitter:card\" content=\"summary_large_image\" \/>\n<meta name=\"twitter:label1\" content=\"Verfasst von\" \/>\n\t<meta name=\"twitter:data1\" content=\"manfredhaefele\" \/>\n\t<meta name=\"twitter:label2\" content=\"Gesch\u00e4tzte Lesezeit\" \/>\n\t<meta name=\"twitter:data2\" content=\"2\u00a0Minuten\" \/>\n<script type=\"application\/ld+json\" class=\"yoast-schema-graph\">{\"@context\":\"https:\\\/\\\/schema.org\",\"@graph\":[{\"@type\":\"Article\",\"@id\":\"https:\\\/\\\/initiative-hungerberg.de\\\/?p=1206#article\",\"isPartOf\":{\"@id\":\"https:\\\/\\\/initiative-hungerberg.de\\\/?p=1206\"},\"author\":{\"name\":\"manfredhaefele\",\"@id\":\"https:\\\/\\\/initiative-hungerberg.de\\\/#\\\/schema\\\/person\\\/85e725b0411d8bf69a58520e381f5d10\"},\"headline\":\"Anschreiben an die Region zum Faktencheck Hungerberg\",\"datePublished\":\"2021-07-23T21:59:20+00:00\",\"dateModified\":\"2021-07-23T22:25:20+00:00\",\"mainEntityOfPage\":{\"@id\":\"https:\\\/\\\/initiative-hungerberg.de\\\/?p=1206\"},\"wordCount\":358,\"commentCount\":0,\"articleSection\":[\"Region\",\"Von der Initiative\"],\"inLanguage\":\"de\",\"potentialAction\":[{\"@type\":\"CommentAction\",\"name\":\"Comment\",\"target\":[\"https:\\\/\\\/initiative-hungerberg.de\\\/?p=1206#respond\"]}]},{\"@type\":\"WebPage\",\"@id\":\"https:\\\/\\\/initiative-hungerberg.de\\\/?p=1206\",\"url\":\"https:\\\/\\\/initiative-hungerberg.de\\\/?p=1206\",\"name\":\"Anschreiben an die Region zum Faktencheck Hungerberg -\",\"isPartOf\":{\"@id\":\"https:\\\/\\\/initiative-hungerberg.de\\\/#website\"},\"datePublished\":\"2021-07-23T21:59:20+00:00\",\"dateModified\":\"2021-07-23T22:25:20+00:00\",\"author\":{\"@id\":\"https:\\\/\\\/initiative-hungerberg.de\\\/#\\\/schema\\\/person\\\/85e725b0411d8bf69a58520e381f5d10\"},\"description\":\"Region \u00fcberpr\u00fcft eigene Aussagen zum Vorhaltestandort Hungerberg - Vorhaltestandort Hungerberg im Faktenchek der Region\",\"breadcrumb\":{\"@id\":\"https:\\\/\\\/initiative-hungerberg.de\\\/?p=1206#breadcrumb\"},\"inLanguage\":\"de\",\"potentialAction\":[{\"@type\":\"ReadAction\",\"target\":[\"https:\\\/\\\/initiative-hungerberg.de\\\/?p=1206\"]}]},{\"@type\":\"BreadcrumbList\",\"@id\":\"https:\\\/\\\/initiative-hungerberg.de\\\/?p=1206#breadcrumb\",\"itemListElement\":[{\"@type\":\"ListItem\",\"position\":1,\"name\":\"Startseite\",\"item\":\"https:\\\/\\\/initiative-hungerberg.de\\\/\"},{\"@type\":\"ListItem\",\"position\":2,\"name\":\"Anschreiben an die Region zum Faktencheck Hungerberg\"}]},{\"@type\":\"WebSite\",\"@id\":\"https:\\\/\\\/initiative-hungerberg.de\\\/#website\",\"url\":\"https:\\\/\\\/initiative-hungerberg.de\\\/\",\"name\":\"B\u00fcrgerinitiative Hungerberg\",\"description\":\"Infoseite der B\u00fcrgerinitiative Hungerberg\",\"potentialAction\":[{\"@type\":\"SearchAction\",\"target\":{\"@type\":\"EntryPoint\",\"urlTemplate\":\"https:\\\/\\\/initiative-hungerberg.de\\\/?s={search_term_string}\"},\"query-input\":{\"@type\":\"PropertyValueSpecification\",\"valueRequired\":true,\"valueName\":\"search_term_string\"}}],\"inLanguage\":\"de\"},{\"@type\":\"Person\",\"@id\":\"https:\\\/\\\/initiative-hungerberg.de\\\/#\\\/schema\\\/person\\\/85e725b0411d8bf69a58520e381f5d10\",\"name\":\"manfredhaefele\",\"image\":{\"@type\":\"ImageObject\",\"inLanguage\":\"de\",\"@id\":\"https:\\\/\\\/secure.gravatar.com\\\/avatar\\\/cf142010a8a2e698f8579f11392056d5fe4ea9731495125169f6ab881b574ee5?s=96&d=blank&r=g\",\"url\":\"https:\\\/\\\/secure.gravatar.com\\\/avatar\\\/cf142010a8a2e698f8579f11392056d5fe4ea9731495125169f6ab881b574ee5?s=96&d=blank&r=g\",\"contentUrl\":\"https:\\\/\\\/secure.gravatar.com\\\/avatar\\\/cf142010a8a2e698f8579f11392056d5fe4ea9731495125169f6ab881b574ee5?s=96&d=blank&r=g\",\"caption\":\"manfredhaefele\"},\"sameAs\":[\"https:\\\/\\\/initiative-hungerberg.de\"],\"url\":\"https:\\\/\\\/initiative-hungerberg.de\\\/?author=1\"}]}<\/script>\n<!-- \/ Yoast SEO plugin. -->","yoast_head_json":{"title":"Anschreiben an die Region zum Faktencheck Hungerberg -","description":"Region \u00fcberpr\u00fcft eigene Aussagen zum Vorhaltestandort Hungerberg - Vorhaltestandort Hungerberg im Faktenchek der Region","robots":{"index":"index","follow":"follow","max-snippet":"max-snippet:-1","max-image-preview":"max-image-preview:large","max-video-preview":"max-video-preview:-1"},"canonical":"https:\/\/initiative-hungerberg.de\/?p=1206","og_locale":"de_DE","og_type":"article","og_title":"Anschreiben an die Region zum Faktencheck Hungerberg -","og_description":"Region \u00fcberpr\u00fcft eigene Aussagen zum Vorhaltestandort Hungerberg - Vorhaltestandort Hungerberg im Faktenchek der Region","og_url":"https:\/\/initiative-hungerberg.de\/?p=1206","og_site_name":"B\u00fcrgerinitiative Hungerberg","article_published_time":"2021-07-23T21:59:20+00:00","article_modified_time":"2021-07-23T22:25:20+00:00","author":"manfredhaefele","twitter_card":"summary_large_image","twitter_misc":{"Verfasst von":"manfredhaefele","Gesch\u00e4tzte Lesezeit":"2\u00a0Minuten"},"schema":{"@context":"https:\/\/schema.org","@graph":[{"@type":"Article","@id":"https:\/\/initiative-hungerberg.de\/?p=1206#article","isPartOf":{"@id":"https:\/\/initiative-hungerberg.de\/?p=1206"},"author":{"name":"manfredhaefele","@id":"https:\/\/initiative-hungerberg.de\/#\/schema\/person\/85e725b0411d8bf69a58520e381f5d10"},"headline":"Anschreiben an die Region zum Faktencheck Hungerberg","datePublished":"2021-07-23T21:59:20+00:00","dateModified":"2021-07-23T22:25:20+00:00","mainEntityOfPage":{"@id":"https:\/\/initiative-hungerberg.de\/?p=1206"},"wordCount":358,"commentCount":0,"articleSection":["Region","Von der Initiative"],"inLanguage":"de","potentialAction":[{"@type":"CommentAction","name":"Comment","target":["https:\/\/initiative-hungerberg.de\/?p=1206#respond"]}]},{"@type":"WebPage","@id":"https:\/\/initiative-hungerberg.de\/?p=1206","url":"https:\/\/initiative-hungerberg.de\/?p=1206","name":"Anschreiben an die Region zum Faktencheck Hungerberg -","isPartOf":{"@id":"https:\/\/initiative-hungerberg.de\/#website"},"datePublished":"2021-07-23T21:59:20+00:00","dateModified":"2021-07-23T22:25:20+00:00","author":{"@id":"https:\/\/initiative-hungerberg.de\/#\/schema\/person\/85e725b0411d8bf69a58520e381f5d10"},"description":"Region \u00fcberpr\u00fcft eigene Aussagen zum Vorhaltestandort Hungerberg - Vorhaltestandort Hungerberg im Faktenchek der Region","breadcrumb":{"@id":"https:\/\/initiative-hungerberg.de\/?p=1206#breadcrumb"},"inLanguage":"de","potentialAction":[{"@type":"ReadAction","target":["https:\/\/initiative-hungerberg.de\/?p=1206"]}]},{"@type":"BreadcrumbList","@id":"https:\/\/initiative-hungerberg.de\/?p=1206#breadcrumb","itemListElement":[{"@type":"ListItem","position":1,"name":"Startseite","item":"https:\/\/initiative-hungerberg.de\/"},{"@type":"ListItem","position":2,"name":"Anschreiben an die Region zum Faktencheck Hungerberg"}]},{"@type":"WebSite","@id":"https:\/\/initiative-hungerberg.de\/#website","url":"https:\/\/initiative-hungerberg.de\/","name":"B\u00fcrgerinitiative Hungerberg","description":"Infoseite der B\u00fcrgerinitiative Hungerberg","potentialAction":[{"@type":"SearchAction","target":{"@type":"EntryPoint","urlTemplate":"https:\/\/initiative-hungerberg.de\/?s={search_term_string}"},"query-input":{"@type":"PropertyValueSpecification","valueRequired":true,"valueName":"search_term_string"}}],"inLanguage":"de"},{"@type":"Person","@id":"https:\/\/initiative-hungerberg.de\/#\/schema\/person\/85e725b0411d8bf69a58520e381f5d10","name":"manfredhaefele","image":{"@type":"ImageObject","inLanguage":"de","@id":"https:\/\/secure.gravatar.com\/avatar\/cf142010a8a2e698f8579f11392056d5fe4ea9731495125169f6ab881b574ee5?s=96&d=blank&r=g","url":"https:\/\/secure.gravatar.com\/avatar\/cf142010a8a2e698f8579f11392056d5fe4ea9731495125169f6ab881b574ee5?s=96&d=blank&r=g","contentUrl":"https:\/\/secure.gravatar.com\/avatar\/cf142010a8a2e698f8579f11392056d5fe4ea9731495125169f6ab881b574ee5?s=96&d=blank&r=g","caption":"manfredhaefele"},"sameAs":["https:\/\/initiative-hungerberg.de"],"url":"https:\/\/initiative-hungerberg.de\/?author=1"}]}},"jetpack_featured_media_url":"","jetpack_sharing_enabled":true,"_links":{"self":[{"href":"https:\/\/initiative-hungerberg.de\/index.php?rest_route=\/wp\/v2\/posts\/1206","targetHints":{"allow":["GET"]}}],"collection":[{"href":"https:\/\/initiative-hungerberg.de\/index.php?rest_route=\/wp\/v2\/posts"}],"about":[{"href":"https:\/\/initiative-hungerberg.de\/index.php?rest_route=\/wp\/v2\/types\/post"}],"author":[{"embeddable":true,"href":"https:\/\/initiative-hungerberg.de\/index.php?rest_route=\/wp\/v2\/users\/1"}],"replies":[{"embeddable":true,"href":"https:\/\/initiative-hungerberg.de\/index.php?rest_route=%2Fwp%2Fv2%2Fcomments&post=1206"}],"version-history":[{"count":7,"href":"https:\/\/initiative-hungerberg.de\/index.php?rest_route=\/wp\/v2\/posts\/1206\/revisions"}],"predecessor-version":[{"id":1221,"href":"https:\/\/initiative-hungerberg.de\/index.php?rest_route=\/wp\/v2\/posts\/1206\/revisions\/1221"}],"wp:attachment":[{"href":"https:\/\/initiative-hungerberg.de\/index.php?rest_route=%2Fwp%2Fv2%2Fmedia&parent=1206"}],"wp:term":[{"taxonomy":"category","embeddable":true,"href":"https:\/\/initiative-hungerberg.de\/index.php?rest_route=%2Fwp%2Fv2%2Fcategories&post=1206"},{"taxonomy":"post_tag","embeddable":true,"href":"https:\/\/initiative-hungerberg.de\/index.php?rest_route=%2Fwp%2Fv2%2Ftags&post=1206"}],"curies":[{"name":"wp","href":"https:\/\/api.w.org\/{rel}","templated":true}]}}