{"id":1428,"date":"2021-09-15T11:25:00","date_gmt":"2021-09-15T11:25:00","guid":{"rendered":"https:\/\/initiative-hungerberg.de\/?p=1428"},"modified":"2021-09-15T18:40:42","modified_gmt":"2021-09-15T18:40:42","slug":"buergerinitiative-distanziert-sich-plakate-zum-buergerentscheid-werden-zerstoert-und-bekritzelt","status":"publish","type":"post","link":"https:\/\/initiative-hungerberg.de\/?p=1428","title":{"rendered":"B\u00fcrgerinitiative verurteilt  Vandalismus"},"content":{"rendered":"\n<p>15. September 2021 &#8211; B\u00fcrgerinitiative verurteilt Vandalismus<\/p>\n\n\n\n<p>Seit einigen Wochen d\u00fcrfen wir auf Plakaten f\u00fcr den Erhalt des Hungerbergs werben. Gleiches gilt auch f\u00fcr die Projektbef\u00fcrworter. Auch sie haben plakatiert und f\u00fcr ihre Position geworben.\u00a0<\/p>\n\n\n\n<p>Immer wieder verschwinden nun Plakate zum B\u00fcrgerentscheid, werden zerst\u00f6rt oder \u00fcbermalt. Davon sind sowohl Plakate der B\u00fcrgerinitiative als auch des Bund der Selbst\u00e4ndigen betroffen.<\/p>\n\n\n\n<p>So etwas entspricht nicht unserem Demokratieverst\u00e4ndnis. Zu jeder Meinung darf es eine Gegenmeinung geben. Zu jeder politischen Bewegung, eine Gegenbewegung. Das muss jeder demokratisch denkende Mensch aushalten k\u00f6nnen. Wir fordern daher, keine Plakate zum B\u00fcrgerentscheid \u2013 egal welcher Seite \u2013 zu entwenden, zu zerst\u00f6ren oder zu \u00fcbermalen.&nbsp;<\/p>\n\n\n\n<p>Ein solches Verhalten ist undemokratisch und findet keinerlei R\u00fcckendeckung der B\u00fcrgerinitiative. Dies gilt umso mehr, wenn der Vandalismus auf privaten Grundst\u00fccken stattfindet.<\/p>\n\n\n\n<p>B\u00fcrgerinitiative verurteilt Vandalismus<\/p>\n","protected":false},"excerpt":{"rendered":"<p>15. September 2021 &#8211; B\u00fcrgerinitiative verurteilt Vandalismus Seit einigen Wochen d\u00fcrfen wir auf Plakaten f\u00fcr den Erhalt des Hungerbergs werben. Gleiches gilt auch f\u00fcr die Projektbef\u00fcrworter. Auch sie haben plakatiert &hellip; <a href=\"https:\/\/initiative-hungerberg.de\/?p=1428\" class=\"more-link\"><span class=\"screen-reader-text\">\u201eB\u00fcrgerinitiative verurteilt  Vandalismus\u201c<\/span> weiterlesen<\/a><\/p>\n","protected":false},"author":1,"featured_media":0,"comment_status":"open","ping_status":"open","sticky":false,"template":"","format":"standard","meta":{"_monsterinsights_skip_tracking":false,"_monsterinsights_sitenote_active":false,"_monsterinsights_sitenote_note":"","_monsterinsights_sitenote_category":0,"_jetpack_memberships_contains_paid_content":false,"footnotes":""},"categories":[24,20],"tags":[],"class_list":["post-1428","post","type-post","status-publish","format-standard","hentry","category-presse","category-von-der-initiative"],"yoast_head":"<!-- This site is optimized with the Yoast SEO plugin v27.5 - https:\/\/yoast.com\/product\/yoast-seo-wordpress\/ -->\n<title>B\u00fcrgerinitiative verurteilt Vandalismus -<\/title>\n<meta name=\"description\" content=\"B\u00fcrgerinitiative Hungerberg und die BDS Initative Pro Hungerberg von Vandalismus betroffen. B\u00fcrgerinitiative verurteilt Vandalismus\" \/>\n<meta name=\"robots\" content=\"index, follow, max-snippet:-1, max-image-preview:large, max-video-preview:-1\" \/>\n<link rel=\"canonical\" href=\"https:\/\/initiative-hungerberg.de\/?p=1428\" \/>\n<meta property=\"og:locale\" content=\"de_DE\" \/>\n<meta property=\"og:type\" content=\"article\" \/>\n<meta property=\"og:title\" content=\"B\u00fcrgerinitiative verurteilt Vandalismus -\" \/>\n<meta property=\"og:description\" content=\"B\u00fcrgerinitiative Hungerberg und die BDS Initative Pro Hungerberg von Vandalismus betroffen. B\u00fcrgerinitiative verurteilt Vandalismus\" \/>\n<meta property=\"og:url\" content=\"https:\/\/initiative-hungerberg.de\/?p=1428\" \/>\n<meta property=\"og:site_name\" content=\"B\u00fcrgerinitiative Hungerberg\" \/>\n<meta property=\"article:published_time\" content=\"2021-09-15T11:25:00+00:00\" \/>\n<meta property=\"article:modified_time\" content=\"2021-09-15T18:40:42+00:00\" \/>\n<meta name=\"author\" content=\"manfredhaefele\" \/>\n<meta name=\"twitter:card\" content=\"summary_large_image\" \/>\n<meta name=\"twitter:label1\" content=\"Verfasst von\" \/>\n\t<meta name=\"twitter:data1\" content=\"manfredhaefele\" \/>\n\t<meta name=\"twitter:label2\" content=\"Gesch\u00e4tzte Lesezeit\" \/>\n\t<meta name=\"twitter:data2\" content=\"1\u00a0Minute\" \/>\n<script type=\"application\/ld+json\" class=\"yoast-schema-graph\">{\"@context\":\"https:\\\/\\\/schema.org\",\"@graph\":[{\"@type\":\"Article\",\"@id\":\"https:\\\/\\\/initiative-hungerberg.de\\\/?p=1428#article\",\"isPartOf\":{\"@id\":\"https:\\\/\\\/initiative-hungerberg.de\\\/?p=1428\"},\"author\":{\"name\":\"manfredhaefele\",\"@id\":\"https:\\\/\\\/initiative-hungerberg.de\\\/#\\\/schema\\\/person\\\/85e725b0411d8bf69a58520e381f5d10\"},\"headline\":\"B\u00fcrgerinitiative verurteilt Vandalismus\",\"datePublished\":\"2021-09-15T11:25:00+00:00\",\"dateModified\":\"2021-09-15T18:40:42+00:00\",\"mainEntityOfPage\":{\"@id\":\"https:\\\/\\\/initiative-hungerberg.de\\\/?p=1428\"},\"wordCount\":150,\"commentCount\":0,\"articleSection\":[\"Presse\",\"Von der Initiative\"],\"inLanguage\":\"de\",\"potentialAction\":[{\"@type\":\"CommentAction\",\"name\":\"Comment\",\"target\":[\"https:\\\/\\\/initiative-hungerberg.de\\\/?p=1428#respond\"]}]},{\"@type\":\"WebPage\",\"@id\":\"https:\\\/\\\/initiative-hungerberg.de\\\/?p=1428\",\"url\":\"https:\\\/\\\/initiative-hungerberg.de\\\/?p=1428\",\"name\":\"B\u00fcrgerinitiative verurteilt Vandalismus -\",\"isPartOf\":{\"@id\":\"https:\\\/\\\/initiative-hungerberg.de\\\/#website\"},\"datePublished\":\"2021-09-15T11:25:00+00:00\",\"dateModified\":\"2021-09-15T18:40:42+00:00\",\"author\":{\"@id\":\"https:\\\/\\\/initiative-hungerberg.de\\\/#\\\/schema\\\/person\\\/85e725b0411d8bf69a58520e381f5d10\"},\"description\":\"B\u00fcrgerinitiative Hungerberg und die BDS Initative Pro Hungerberg von Vandalismus betroffen. B\u00fcrgerinitiative verurteilt Vandalismus\",\"breadcrumb\":{\"@id\":\"https:\\\/\\\/initiative-hungerberg.de\\\/?p=1428#breadcrumb\"},\"inLanguage\":\"de\",\"potentialAction\":[{\"@type\":\"ReadAction\",\"target\":[\"https:\\\/\\\/initiative-hungerberg.de\\\/?p=1428\"]}]},{\"@type\":\"BreadcrumbList\",\"@id\":\"https:\\\/\\\/initiative-hungerberg.de\\\/?p=1428#breadcrumb\",\"itemListElement\":[{\"@type\":\"ListItem\",\"position\":1,\"name\":\"Startseite\",\"item\":\"https:\\\/\\\/initiative-hungerberg.de\\\/\"},{\"@type\":\"ListItem\",\"position\":2,\"name\":\"B\u00fcrgerinitiative verurteilt Vandalismus\"}]},{\"@type\":\"WebSite\",\"@id\":\"https:\\\/\\\/initiative-hungerberg.de\\\/#website\",\"url\":\"https:\\\/\\\/initiative-hungerberg.de\\\/\",\"name\":\"B\u00fcrgerinitiative Hungerberg\",\"description\":\"Infoseite der B\u00fcrgerinitiative Hungerberg\",\"potentialAction\":[{\"@type\":\"SearchAction\",\"target\":{\"@type\":\"EntryPoint\",\"urlTemplate\":\"https:\\\/\\\/initiative-hungerberg.de\\\/?s={search_term_string}\"},\"query-input\":{\"@type\":\"PropertyValueSpecification\",\"valueRequired\":true,\"valueName\":\"search_term_string\"}}],\"inLanguage\":\"de\"},{\"@type\":\"Person\",\"@id\":\"https:\\\/\\\/initiative-hungerberg.de\\\/#\\\/schema\\\/person\\\/85e725b0411d8bf69a58520e381f5d10\",\"name\":\"manfredhaefele\",\"image\":{\"@type\":\"ImageObject\",\"inLanguage\":\"de\",\"@id\":\"https:\\\/\\\/secure.gravatar.com\\\/avatar\\\/cf142010a8a2e698f8579f11392056d5fe4ea9731495125169f6ab881b574ee5?s=96&d=blank&r=g\",\"url\":\"https:\\\/\\\/secure.gravatar.com\\\/avatar\\\/cf142010a8a2e698f8579f11392056d5fe4ea9731495125169f6ab881b574ee5?s=96&d=blank&r=g\",\"contentUrl\":\"https:\\\/\\\/secure.gravatar.com\\\/avatar\\\/cf142010a8a2e698f8579f11392056d5fe4ea9731495125169f6ab881b574ee5?s=96&d=blank&r=g\",\"caption\":\"manfredhaefele\"},\"sameAs\":[\"https:\\\/\\\/initiative-hungerberg.de\"],\"url\":\"https:\\\/\\\/initiative-hungerberg.de\\\/?author=1\"}]}<\/script>\n<!-- \/ Yoast SEO plugin. -->","yoast_head_json":{"title":"B\u00fcrgerinitiative verurteilt Vandalismus -","description":"B\u00fcrgerinitiative Hungerberg und die BDS Initative Pro Hungerberg von Vandalismus betroffen. B\u00fcrgerinitiative verurteilt Vandalismus","robots":{"index":"index","follow":"follow","max-snippet":"max-snippet:-1","max-image-preview":"max-image-preview:large","max-video-preview":"max-video-preview:-1"},"canonical":"https:\/\/initiative-hungerberg.de\/?p=1428","og_locale":"de_DE","og_type":"article","og_title":"B\u00fcrgerinitiative verurteilt Vandalismus -","og_description":"B\u00fcrgerinitiative Hungerberg und die BDS Initative Pro Hungerberg von Vandalismus betroffen. B\u00fcrgerinitiative verurteilt Vandalismus","og_url":"https:\/\/initiative-hungerberg.de\/?p=1428","og_site_name":"B\u00fcrgerinitiative Hungerberg","article_published_time":"2021-09-15T11:25:00+00:00","article_modified_time":"2021-09-15T18:40:42+00:00","author":"manfredhaefele","twitter_card":"summary_large_image","twitter_misc":{"Verfasst von":"manfredhaefele","Gesch\u00e4tzte Lesezeit":"1\u00a0Minute"},"schema":{"@context":"https:\/\/schema.org","@graph":[{"@type":"Article","@id":"https:\/\/initiative-hungerberg.de\/?p=1428#article","isPartOf":{"@id":"https:\/\/initiative-hungerberg.de\/?p=1428"},"author":{"name":"manfredhaefele","@id":"https:\/\/initiative-hungerberg.de\/#\/schema\/person\/85e725b0411d8bf69a58520e381f5d10"},"headline":"B\u00fcrgerinitiative verurteilt Vandalismus","datePublished":"2021-09-15T11:25:00+00:00","dateModified":"2021-09-15T18:40:42+00:00","mainEntityOfPage":{"@id":"https:\/\/initiative-hungerberg.de\/?p=1428"},"wordCount":150,"commentCount":0,"articleSection":["Presse","Von der Initiative"],"inLanguage":"de","potentialAction":[{"@type":"CommentAction","name":"Comment","target":["https:\/\/initiative-hungerberg.de\/?p=1428#respond"]}]},{"@type":"WebPage","@id":"https:\/\/initiative-hungerberg.de\/?p=1428","url":"https:\/\/initiative-hungerberg.de\/?p=1428","name":"B\u00fcrgerinitiative verurteilt Vandalismus -","isPartOf":{"@id":"https:\/\/initiative-hungerberg.de\/#website"},"datePublished":"2021-09-15T11:25:00+00:00","dateModified":"2021-09-15T18:40:42+00:00","author":{"@id":"https:\/\/initiative-hungerberg.de\/#\/schema\/person\/85e725b0411d8bf69a58520e381f5d10"},"description":"B\u00fcrgerinitiative Hungerberg und die BDS Initative Pro Hungerberg von Vandalismus betroffen. B\u00fcrgerinitiative verurteilt Vandalismus","breadcrumb":{"@id":"https:\/\/initiative-hungerberg.de\/?p=1428#breadcrumb"},"inLanguage":"de","potentialAction":[{"@type":"ReadAction","target":["https:\/\/initiative-hungerberg.de\/?p=1428"]}]},{"@type":"BreadcrumbList","@id":"https:\/\/initiative-hungerberg.de\/?p=1428#breadcrumb","itemListElement":[{"@type":"ListItem","position":1,"name":"Startseite","item":"https:\/\/initiative-hungerberg.de\/"},{"@type":"ListItem","position":2,"name":"B\u00fcrgerinitiative verurteilt Vandalismus"}]},{"@type":"WebSite","@id":"https:\/\/initiative-hungerberg.de\/#website","url":"https:\/\/initiative-hungerberg.de\/","name":"B\u00fcrgerinitiative Hungerberg","description":"Infoseite der B\u00fcrgerinitiative Hungerberg","potentialAction":[{"@type":"SearchAction","target":{"@type":"EntryPoint","urlTemplate":"https:\/\/initiative-hungerberg.de\/?s={search_term_string}"},"query-input":{"@type":"PropertyValueSpecification","valueRequired":true,"valueName":"search_term_string"}}],"inLanguage":"de"},{"@type":"Person","@id":"https:\/\/initiative-hungerberg.de\/#\/schema\/person\/85e725b0411d8bf69a58520e381f5d10","name":"manfredhaefele","image":{"@type":"ImageObject","inLanguage":"de","@id":"https:\/\/secure.gravatar.com\/avatar\/cf142010a8a2e698f8579f11392056d5fe4ea9731495125169f6ab881b574ee5?s=96&d=blank&r=g","url":"https:\/\/secure.gravatar.com\/avatar\/cf142010a8a2e698f8579f11392056d5fe4ea9731495125169f6ab881b574ee5?s=96&d=blank&r=g","contentUrl":"https:\/\/secure.gravatar.com\/avatar\/cf142010a8a2e698f8579f11392056d5fe4ea9731495125169f6ab881b574ee5?s=96&d=blank&r=g","caption":"manfredhaefele"},"sameAs":["https:\/\/initiative-hungerberg.de"],"url":"https:\/\/initiative-hungerberg.de\/?author=1"}]}},"jetpack_featured_media_url":"","jetpack_sharing_enabled":true,"_links":{"self":[{"href":"https:\/\/initiative-hungerberg.de\/index.php?rest_route=\/wp\/v2\/posts\/1428","targetHints":{"allow":["GET"]}}],"collection":[{"href":"https:\/\/initiative-hungerberg.de\/index.php?rest_route=\/wp\/v2\/posts"}],"about":[{"href":"https:\/\/initiative-hungerberg.de\/index.php?rest_route=\/wp\/v2\/types\/post"}],"author":[{"embeddable":true,"href":"https:\/\/initiative-hungerberg.de\/index.php?rest_route=\/wp\/v2\/users\/1"}],"replies":[{"embeddable":true,"href":"https:\/\/initiative-hungerberg.de\/index.php?rest_route=%2Fwp%2Fv2%2Fcomments&post=1428"}],"version-history":[{"count":4,"href":"https:\/\/initiative-hungerberg.de\/index.php?rest_route=\/wp\/v2\/posts\/1428\/revisions"}],"predecessor-version":[{"id":1584,"href":"https:\/\/initiative-hungerberg.de\/index.php?rest_route=\/wp\/v2\/posts\/1428\/revisions\/1584"}],"wp:attachment":[{"href":"https:\/\/initiative-hungerberg.de\/index.php?rest_route=%2Fwp%2Fv2%2Fmedia&parent=1428"}],"wp:term":[{"taxonomy":"category","embeddable":true,"href":"https:\/\/initiative-hungerberg.de\/index.php?rest_route=%2Fwp%2Fv2%2Fcategories&post=1428"},{"taxonomy":"post_tag","embeddable":true,"href":"https:\/\/initiative-hungerberg.de\/index.php?rest_route=%2Fwp%2Fv2%2Ftags&post=1428"}],"curies":[{"name":"wp","href":"https:\/\/api.w.org\/{rel}","templated":true}]}}