{"id":1736,"date":"2022-05-26T06:30:54","date_gmt":"2022-05-26T06:30:54","guid":{"rendered":"https:\/\/initiative-hungerberg.de\/?p=1736"},"modified":"2022-05-26T06:39:11","modified_gmt":"2022-05-26T06:39:11","slug":"wird-am-hungerberg-doch-gebaut","status":"publish","type":"post","link":"https:\/\/initiative-hungerberg.de\/?p=1736","title":{"rendered":"Wird am Hungerberg doch gebaut?"},"content":{"rendered":"\n<p>Vor kurzem stellte n\u00e4mlich der Teckbote (A. Volz, 30. M\u00e4rz) fest, dass die verkehrsm\u00e4\u00dfige Erschlie\u00dfung des Gewerbegebiets Bohnau-S\u00fcd \u00fcber den <strong>Hungerberg<\/strong> die optimale L\u00f6sung sei.<img decoding=\"async\" src=\"https:\/\/www.kirchheim-teck.de\/ceasy\/resource\/?id=16308&amp;predefinedImageSize=Content\" width=\"\" alt=\"\" \/><\/p>\n\n\n\n<p>Sp\u00e4testens zu diesem Zeitpunkt schrillten bei der Mehrheit der Dettinger die Alarmglocken.<\/p>\n\n\n\n<p><strong><em>W\u00e4re ein Br\u00fcckenbau \u00fcberhaupt mit dem B\u00fcrgerentscheid zum Hungerberg vereinbar? Schlie\u00dflich soll der Hungerberg gem\u00e4\u00df des Votums \u201ein seiner unbebauten Form erhalten werden\u201c.&nbsp;<\/em><\/strong><\/p>\n\n\n\n<p>Genau dies fragte Manfred H\u00e4fele in der B\u00fcrgerfragestunde am 9. Mai und erhielt von Herrn B\u00fcrgermeister Hau\u00dfmann eine wenig konkrete Antwort:<\/p>\n\n\n\n<p><em>Diese Umfahrungstra\u00dfe Bohnau sei im 30 Jahren alten, geltenden Fl\u00e4chennutzungsplan enthalten \u2013 Nicht mehr und nicht weniger.<\/em><\/p>\n\n\n\n<p>Der ausdr\u00fcckliche Bezug zum aktuellen B\u00fcrgerentscheid in dieser Frage wurde schlicht ignoriert. Im Mitteilungsblatt vom 13.5.22 wird lediglich behauptet, dass scheinbar eine angeblich \u201egleich lautende Frage bereits ausf\u00fchrlich beantwortet\u201c worden sei.<\/p>\n\n\n\n<p>Sollten hier Fakten geschaffen werden, nach dem Motto, wir planen schon mal die Stra\u00dfe und nach Ablauf der Bindefrist des B\u00fcrgerentscheids wird der Hungerberg doch als Industriegebiet nachgeschoben?<\/p>\n\n\n\n<p><strong>Inzwischen sieht das ganz anders aus.&nbsp;Aber der Reihe nach:<\/strong><\/p>\n\n\n\n<p>Am Montag, 16. Mai fand eine Beteiligungsveranstaltung der Stadt Kirchheim statt, zu der sie vornehmlich die Nachbarschaft einlud. Anfangs musste einigen Emotionen freien Lauf gelassen werden. Dann entwickelten sich aber Diskussionen und am Ende nahm die Stadtverwaltungen etliche Vorschl\u00e4ge, Kritikpunkte und Anregungen mit. Es bleibt abzuwarten, was daraus wird. Immerhin: man redet miteinander. Schon das hat Vorbildcharakter!&nbsp;<\/p>\n\n\n\n<p>Die f\u00fcr Dettingen wichtigste \u00c4u\u00dferung machte Herr Pohl, oberster Kirchheimer Stadtplaner, gleich zu Beginn der Veranstaltung:<\/p>\n\n\n\n<p>Man habe zwei Varianten f\u00fcr die Erschlie\u00dfung des Gewerbegebiets gutachterlich untersuchen lassen.&nbsp;Einerseits die Erschlie\u00dfung \u00fcber die Tannenberg- und die Einsteinstra\u00dfe.&nbsp;Andererseits die Variante per Autobahnbr\u00fccke \u00fcber den Hungerberg zur Autobahnmeisterei.&nbsp;<\/p>\n\n\n\n<p><em>&#8222;F\u00fcr die Hungerbergvariante wurde festgestellt, dass die negativen Auswirkungen auf den Verkehr auf der B465 so schwerwiegend seien,&nbsp;<strong>dass sie derzeit nicht weiterverfolgt w\u00fcrde!&#8220;<\/strong><\/em><\/p>\n\n\n\n<p>Deshalb m\u00fcsse Bohnau-S\u00fcd \u00fcber Tannenbergstra\u00dfe und Einsteinstra\u00dfe erschlossen werden. Eine Einsicht ganz im Sinne des Dettinger B\u00fcrgerentscheids. F\u00fcr die Stadt Kirchheim aber definitiv eine sehr gro\u00dfe Herausforderung.<\/p>\n\n\n\n<p><strong>Verkehr als Ausschlusskriterium?<\/strong><\/p>\n\n\n\n<figure class=\"wp-block-image size-large\"><img data-recalc-dims=\"1\" loading=\"lazy\" decoding=\"async\" width=\"806\" height=\"502\" src=\"https:\/\/i0.wp.com\/initiative-hungerberg.de\/wp-content\/uploads\/2022\/05\/Verkehr-Hungerberg.png?resize=806%2C502&#038;ssl=1\" alt=\"\" class=\"wp-image-1735\" srcset=\"https:\/\/i0.wp.com\/initiative-hungerberg.de\/wp-content\/uploads\/2022\/05\/Verkehr-Hungerberg.png?w=806&amp;ssl=1 806w, https:\/\/i0.wp.com\/initiative-hungerberg.de\/wp-content\/uploads\/2022\/05\/Verkehr-Hungerberg.png?resize=300%2C187&amp;ssl=1 300w, https:\/\/i0.wp.com\/initiative-hungerberg.de\/wp-content\/uploads\/2022\/05\/Verkehr-Hungerberg.png?resize=768%2C478&amp;ssl=1 768w\" sizes=\"auto, (max-width: 709px) 85vw, (max-width: 909px) 67vw, (max-width: 984px) 61vw, (max-width: 1362px) 45vw, 600px\" \/><\/figure>\n\n\n\n<p>Im letzten Jahr hatten wir den drohenden Verkehrskollaps auf der B465 als gewichtiges Argument gegen das Industriegebiet auf dem Hungerberg angef\u00fchrt. Damals standen immerhin \u00fcber 10.000 Fahrzeugbewegungen am Tag zur Diskussion. Jetzt werden f\u00fcr die Bohnau lediglich 1.500 Fahrzeugbewegungen prognostiziert, zus\u00e4tzlich aber Verkehr aus dem Hinterland in Richtung A8 und Lenninger Tal.&nbsp;<\/p>\n\n\n\n<p>Nach offizieller Sprechweise reicht allein dies, um die Variante Hungerberg auf Eis zu legen.<\/p>\n\n\n\n<p>Obwohl etliche Bef\u00fcrworter des Industriegebiets unsere Argumente als emotional und Panikmache diskreditierten, wird unsere Sichtweise nun durch offizielle Gutachten best\u00e4tigt.&nbsp;<\/p>\n\n\n\n<p>Wir freuen uns dar\u00fcber und wissen, weshalb die von uns geforderten Gutachten seitens der Gemeinde Dettingen im Vorfeld des B\u00fcrgerentscheides nicht beauftragt wurden.<\/p>\n\n\n\n<p>Die Stadt Kirchheim m\u00f6chte aber dennoch die Autobahnbr\u00fccke wieder in den Fl\u00e4chennutzungsplan aufnehmen &#8211; allen Erkenntnissen aus dem eigens beauftragten Gutachten zum Trotz&#8230;<\/p>\n","protected":false},"excerpt":{"rendered":"<p>Vor kurzem stellte n\u00e4mlich der Teckbote (A. Volz, 30. M\u00e4rz) fest, dass die verkehrsm\u00e4\u00dfige Erschlie\u00dfung des Gewerbegebiets Bohnau-S\u00fcd \u00fcber den Hungerberg die optimale L\u00f6sung sei. Sp\u00e4testens zu diesem Zeitpunkt schrillten &hellip; <a href=\"https:\/\/initiative-hungerberg.de\/?p=1736\" class=\"more-link\"><span class=\"screen-reader-text\">\u201eWird am Hungerberg doch gebaut?\u201c<\/span> weiterlesen<\/a><\/p>\n","protected":false},"author":1,"featured_media":1737,"comment_status":"open","ping_status":"open","sticky":false,"template":"","format":"standard","meta":{"_monsterinsights_skip_tracking":false,"_monsterinsights_sitenote_active":false,"_monsterinsights_sitenote_note":"","_monsterinsights_sitenote_category":0,"_jetpack_memberships_contains_paid_content":false,"footnotes":""},"categories":[11,20],"tags":[],"class_list":["post-1736","post","type-post","status-publish","format-standard","has-post-thumbnail","hentry","category-verwaltung-verfahren","category-von-der-initiative"],"yoast_head":"<!-- This site is optimized with the Yoast SEO plugin v27.5 - https:\/\/yoast.com\/product\/yoast-seo-wordpress\/ -->\n<title>Wird am Hungerberg doch gebaut? - B\u00fcrgerinitiative Hungerberg<\/title>\n<meta name=\"description\" content=\"Die Initiative Hungerberg Dettingen\/Kirchheim Teck setzt sich f\u00fcr eine angemessen B\u00fcrgerbeteiligung beim angedachten Vorhaltestandort ein.\" \/>\n<meta name=\"robots\" content=\"index, follow, max-snippet:-1, max-image-preview:large, max-video-preview:-1\" \/>\n<link rel=\"canonical\" href=\"https:\/\/initiative-hungerberg.de\/?p=1736\" \/>\n<meta property=\"og:locale\" content=\"de_DE\" \/>\n<meta property=\"og:type\" content=\"article\" \/>\n<meta property=\"og:title\" content=\"Wird am Hungerberg doch gebaut? - B\u00fcrgerinitiative Hungerberg\" \/>\n<meta property=\"og:description\" content=\"Die Initiative Hungerberg Dettingen\/Kirchheim Teck setzt sich f\u00fcr eine angemessen B\u00fcrgerbeteiligung beim angedachten Vorhaltestandort ein.\" \/>\n<meta property=\"og:url\" content=\"https:\/\/initiative-hungerberg.de\/?p=1736\" \/>\n<meta property=\"og:site_name\" content=\"B\u00fcrgerinitiative Hungerberg\" \/>\n<meta property=\"article:published_time\" content=\"2022-05-26T06:30:54+00:00\" \/>\n<meta property=\"article:modified_time\" content=\"2022-05-26T06:39:11+00:00\" \/>\n<meta property=\"og:image\" content=\"https:\/\/i0.wp.com\/initiative-hungerberg.de\/wp-content\/uploads\/2022\/05\/img_4496.jpg?fit=720%2C509&ssl=1\" \/>\n\t<meta property=\"og:image:width\" content=\"720\" \/>\n\t<meta property=\"og:image:height\" content=\"509\" \/>\n\t<meta property=\"og:image:type\" content=\"image\/jpeg\" \/>\n<meta name=\"author\" content=\"manfredhaefele\" \/>\n<meta name=\"twitter:card\" content=\"summary_large_image\" \/>\n<meta name=\"twitter:label1\" content=\"Verfasst von\" \/>\n\t<meta name=\"twitter:data1\" content=\"manfredhaefele\" \/>\n\t<meta name=\"twitter:label2\" content=\"Gesch\u00e4tzte Lesezeit\" \/>\n\t<meta name=\"twitter:data2\" content=\"3\u00a0Minuten\" \/>\n<script type=\"application\/ld+json\" class=\"yoast-schema-graph\">{\"@context\":\"https:\\\/\\\/schema.org\",\"@graph\":[{\"@type\":\"Article\",\"@id\":\"https:\\\/\\\/initiative-hungerberg.de\\\/?p=1736#article\",\"isPartOf\":{\"@id\":\"https:\\\/\\\/initiative-hungerberg.de\\\/?p=1736\"},\"author\":{\"name\":\"manfredhaefele\",\"@id\":\"https:\\\/\\\/initiative-hungerberg.de\\\/#\\\/schema\\\/person\\\/85e725b0411d8bf69a58520e381f5d10\"},\"headline\":\"Wird am Hungerberg doch gebaut?\",\"datePublished\":\"2022-05-26T06:30:54+00:00\",\"dateModified\":\"2022-05-26T06:39:11+00:00\",\"mainEntityOfPage\":{\"@id\":\"https:\\\/\\\/initiative-hungerberg.de\\\/?p=1736\"},\"wordCount\":512,\"commentCount\":0,\"image\":{\"@id\":\"https:\\\/\\\/initiative-hungerberg.de\\\/?p=1736#primaryimage\"},\"thumbnailUrl\":\"https:\\\/\\\/i0.wp.com\\\/initiative-hungerberg.de\\\/wp-content\\\/uploads\\\/2022\\\/05\\\/img_4496.jpg?fit=720%2C509&ssl=1\",\"articleSection\":[\"Verwaltung und Verfahren\",\"Von der Initiative\"],\"inLanguage\":\"de\",\"potentialAction\":[{\"@type\":\"CommentAction\",\"name\":\"Comment\",\"target\":[\"https:\\\/\\\/initiative-hungerberg.de\\\/?p=1736#respond\"]}]},{\"@type\":\"WebPage\",\"@id\":\"https:\\\/\\\/initiative-hungerberg.de\\\/?p=1736\",\"url\":\"https:\\\/\\\/initiative-hungerberg.de\\\/?p=1736\",\"name\":\"Wird am Hungerberg doch gebaut? - B\u00fcrgerinitiative Hungerberg\",\"isPartOf\":{\"@id\":\"https:\\\/\\\/initiative-hungerberg.de\\\/#website\"},\"primaryImageOfPage\":{\"@id\":\"https:\\\/\\\/initiative-hungerberg.de\\\/?p=1736#primaryimage\"},\"image\":{\"@id\":\"https:\\\/\\\/initiative-hungerberg.de\\\/?p=1736#primaryimage\"},\"thumbnailUrl\":\"https:\\\/\\\/i0.wp.com\\\/initiative-hungerberg.de\\\/wp-content\\\/uploads\\\/2022\\\/05\\\/img_4496.jpg?fit=720%2C509&ssl=1\",\"datePublished\":\"2022-05-26T06:30:54+00:00\",\"dateModified\":\"2022-05-26T06:39:11+00:00\",\"author\":{\"@id\":\"https:\\\/\\\/initiative-hungerberg.de\\\/#\\\/schema\\\/person\\\/85e725b0411d8bf69a58520e381f5d10\"},\"description\":\"Die Initiative Hungerberg Dettingen\\\/Kirchheim Teck setzt sich f\u00fcr eine angemessen B\u00fcrgerbeteiligung beim angedachten Vorhaltestandort ein.\",\"breadcrumb\":{\"@id\":\"https:\\\/\\\/initiative-hungerberg.de\\\/?p=1736#breadcrumb\"},\"inLanguage\":\"de\",\"potentialAction\":[{\"@type\":\"ReadAction\",\"target\":[\"https:\\\/\\\/initiative-hungerberg.de\\\/?p=1736\"]}]},{\"@type\":\"ImageObject\",\"inLanguage\":\"de\",\"@id\":\"https:\\\/\\\/initiative-hungerberg.de\\\/?p=1736#primaryimage\",\"url\":\"https:\\\/\\\/i0.wp.com\\\/initiative-hungerberg.de\\\/wp-content\\\/uploads\\\/2022\\\/05\\\/img_4496.jpg?fit=720%2C509&ssl=1\",\"contentUrl\":\"https:\\\/\\\/i0.wp.com\\\/initiative-hungerberg.de\\\/wp-content\\\/uploads\\\/2022\\\/05\\\/img_4496.jpg?fit=720%2C509&ssl=1\",\"width\":720,\"height\":509},{\"@type\":\"BreadcrumbList\",\"@id\":\"https:\\\/\\\/initiative-hungerberg.de\\\/?p=1736#breadcrumb\",\"itemListElement\":[{\"@type\":\"ListItem\",\"position\":1,\"name\":\"Startseite\",\"item\":\"https:\\\/\\\/initiative-hungerberg.de\\\/\"},{\"@type\":\"ListItem\",\"position\":2,\"name\":\"Wird am Hungerberg doch gebaut?\"}]},{\"@type\":\"WebSite\",\"@id\":\"https:\\\/\\\/initiative-hungerberg.de\\\/#website\",\"url\":\"https:\\\/\\\/initiative-hungerberg.de\\\/\",\"name\":\"B\u00fcrgerinitiative Hungerberg\",\"description\":\"Infoseite der B\u00fcrgerinitiative Hungerberg\",\"potentialAction\":[{\"@type\":\"SearchAction\",\"target\":{\"@type\":\"EntryPoint\",\"urlTemplate\":\"https:\\\/\\\/initiative-hungerberg.de\\\/?s={search_term_string}\"},\"query-input\":{\"@type\":\"PropertyValueSpecification\",\"valueRequired\":true,\"valueName\":\"search_term_string\"}}],\"inLanguage\":\"de\"},{\"@type\":\"Person\",\"@id\":\"https:\\\/\\\/initiative-hungerberg.de\\\/#\\\/schema\\\/person\\\/85e725b0411d8bf69a58520e381f5d10\",\"name\":\"manfredhaefele\",\"image\":{\"@type\":\"ImageObject\",\"inLanguage\":\"de\",\"@id\":\"https:\\\/\\\/secure.gravatar.com\\\/avatar\\\/cf142010a8a2e698f8579f11392056d5fe4ea9731495125169f6ab881b574ee5?s=96&d=blank&r=g\",\"url\":\"https:\\\/\\\/secure.gravatar.com\\\/avatar\\\/cf142010a8a2e698f8579f11392056d5fe4ea9731495125169f6ab881b574ee5?s=96&d=blank&r=g\",\"contentUrl\":\"https:\\\/\\\/secure.gravatar.com\\\/avatar\\\/cf142010a8a2e698f8579f11392056d5fe4ea9731495125169f6ab881b574ee5?s=96&d=blank&r=g\",\"caption\":\"manfredhaefele\"},\"sameAs\":[\"https:\\\/\\\/initiative-hungerberg.de\"],\"url\":\"https:\\\/\\\/initiative-hungerberg.de\\\/?author=1\"}]}<\/script>\n<!-- \/ Yoast SEO plugin. -->","yoast_head_json":{"title":"Wird am Hungerberg doch gebaut? - B\u00fcrgerinitiative Hungerberg","description":"Die Initiative Hungerberg Dettingen\/Kirchheim Teck setzt sich f\u00fcr eine angemessen B\u00fcrgerbeteiligung beim angedachten Vorhaltestandort ein.","robots":{"index":"index","follow":"follow","max-snippet":"max-snippet:-1","max-image-preview":"max-image-preview:large","max-video-preview":"max-video-preview:-1"},"canonical":"https:\/\/initiative-hungerberg.de\/?p=1736","og_locale":"de_DE","og_type":"article","og_title":"Wird am Hungerberg doch gebaut? - B\u00fcrgerinitiative Hungerberg","og_description":"Die Initiative Hungerberg Dettingen\/Kirchheim Teck setzt sich f\u00fcr eine angemessen B\u00fcrgerbeteiligung beim angedachten Vorhaltestandort ein.","og_url":"https:\/\/initiative-hungerberg.de\/?p=1736","og_site_name":"B\u00fcrgerinitiative Hungerberg","article_published_time":"2022-05-26T06:30:54+00:00","article_modified_time":"2022-05-26T06:39:11+00:00","og_image":[{"width":720,"height":509,"url":"https:\/\/i0.wp.com\/initiative-hungerberg.de\/wp-content\/uploads\/2022\/05\/img_4496.jpg?fit=720%2C509&ssl=1","type":"image\/jpeg"}],"author":"manfredhaefele","twitter_card":"summary_large_image","twitter_misc":{"Verfasst von":"manfredhaefele","Gesch\u00e4tzte Lesezeit":"3\u00a0Minuten"},"schema":{"@context":"https:\/\/schema.org","@graph":[{"@type":"Article","@id":"https:\/\/initiative-hungerberg.de\/?p=1736#article","isPartOf":{"@id":"https:\/\/initiative-hungerberg.de\/?p=1736"},"author":{"name":"manfredhaefele","@id":"https:\/\/initiative-hungerberg.de\/#\/schema\/person\/85e725b0411d8bf69a58520e381f5d10"},"headline":"Wird am Hungerberg doch gebaut?","datePublished":"2022-05-26T06:30:54+00:00","dateModified":"2022-05-26T06:39:11+00:00","mainEntityOfPage":{"@id":"https:\/\/initiative-hungerberg.de\/?p=1736"},"wordCount":512,"commentCount":0,"image":{"@id":"https:\/\/initiative-hungerberg.de\/?p=1736#primaryimage"},"thumbnailUrl":"https:\/\/i0.wp.com\/initiative-hungerberg.de\/wp-content\/uploads\/2022\/05\/img_4496.jpg?fit=720%2C509&ssl=1","articleSection":["Verwaltung und Verfahren","Von der Initiative"],"inLanguage":"de","potentialAction":[{"@type":"CommentAction","name":"Comment","target":["https:\/\/initiative-hungerberg.de\/?p=1736#respond"]}]},{"@type":"WebPage","@id":"https:\/\/initiative-hungerberg.de\/?p=1736","url":"https:\/\/initiative-hungerberg.de\/?p=1736","name":"Wird am Hungerberg doch gebaut? - B\u00fcrgerinitiative Hungerberg","isPartOf":{"@id":"https:\/\/initiative-hungerberg.de\/#website"},"primaryImageOfPage":{"@id":"https:\/\/initiative-hungerberg.de\/?p=1736#primaryimage"},"image":{"@id":"https:\/\/initiative-hungerberg.de\/?p=1736#primaryimage"},"thumbnailUrl":"https:\/\/i0.wp.com\/initiative-hungerberg.de\/wp-content\/uploads\/2022\/05\/img_4496.jpg?fit=720%2C509&ssl=1","datePublished":"2022-05-26T06:30:54+00:00","dateModified":"2022-05-26T06:39:11+00:00","author":{"@id":"https:\/\/initiative-hungerberg.de\/#\/schema\/person\/85e725b0411d8bf69a58520e381f5d10"},"description":"Die Initiative Hungerberg Dettingen\/Kirchheim Teck setzt sich f\u00fcr eine angemessen B\u00fcrgerbeteiligung beim angedachten Vorhaltestandort ein.","breadcrumb":{"@id":"https:\/\/initiative-hungerberg.de\/?p=1736#breadcrumb"},"inLanguage":"de","potentialAction":[{"@type":"ReadAction","target":["https:\/\/initiative-hungerberg.de\/?p=1736"]}]},{"@type":"ImageObject","inLanguage":"de","@id":"https:\/\/initiative-hungerberg.de\/?p=1736#primaryimage","url":"https:\/\/i0.wp.com\/initiative-hungerberg.de\/wp-content\/uploads\/2022\/05\/img_4496.jpg?fit=720%2C509&ssl=1","contentUrl":"https:\/\/i0.wp.com\/initiative-hungerberg.de\/wp-content\/uploads\/2022\/05\/img_4496.jpg?fit=720%2C509&ssl=1","width":720,"height":509},{"@type":"BreadcrumbList","@id":"https:\/\/initiative-hungerberg.de\/?p=1736#breadcrumb","itemListElement":[{"@type":"ListItem","position":1,"name":"Startseite","item":"https:\/\/initiative-hungerberg.de\/"},{"@type":"ListItem","position":2,"name":"Wird am Hungerberg doch gebaut?"}]},{"@type":"WebSite","@id":"https:\/\/initiative-hungerberg.de\/#website","url":"https:\/\/initiative-hungerberg.de\/","name":"B\u00fcrgerinitiative Hungerberg","description":"Infoseite der B\u00fcrgerinitiative Hungerberg","potentialAction":[{"@type":"SearchAction","target":{"@type":"EntryPoint","urlTemplate":"https:\/\/initiative-hungerberg.de\/?s={search_term_string}"},"query-input":{"@type":"PropertyValueSpecification","valueRequired":true,"valueName":"search_term_string"}}],"inLanguage":"de"},{"@type":"Person","@id":"https:\/\/initiative-hungerberg.de\/#\/schema\/person\/85e725b0411d8bf69a58520e381f5d10","name":"manfredhaefele","image":{"@type":"ImageObject","inLanguage":"de","@id":"https:\/\/secure.gravatar.com\/avatar\/cf142010a8a2e698f8579f11392056d5fe4ea9731495125169f6ab881b574ee5?s=96&d=blank&r=g","url":"https:\/\/secure.gravatar.com\/avatar\/cf142010a8a2e698f8579f11392056d5fe4ea9731495125169f6ab881b574ee5?s=96&d=blank&r=g","contentUrl":"https:\/\/secure.gravatar.com\/avatar\/cf142010a8a2e698f8579f11392056d5fe4ea9731495125169f6ab881b574ee5?s=96&d=blank&r=g","caption":"manfredhaefele"},"sameAs":["https:\/\/initiative-hungerberg.de"],"url":"https:\/\/initiative-hungerberg.de\/?author=1"}]}},"jetpack_featured_media_url":"https:\/\/i0.wp.com\/initiative-hungerberg.de\/wp-content\/uploads\/2022\/05\/img_4496.jpg?fit=720%2C509&ssl=1","jetpack_sharing_enabled":true,"_links":{"self":[{"href":"https:\/\/initiative-hungerberg.de\/index.php?rest_route=\/wp\/v2\/posts\/1736","targetHints":{"allow":["GET"]}}],"collection":[{"href":"https:\/\/initiative-hungerberg.de\/index.php?rest_route=\/wp\/v2\/posts"}],"about":[{"href":"https:\/\/initiative-hungerberg.de\/index.php?rest_route=\/wp\/v2\/types\/post"}],"author":[{"embeddable":true,"href":"https:\/\/initiative-hungerberg.de\/index.php?rest_route=\/wp\/v2\/users\/1"}],"replies":[{"embeddable":true,"href":"https:\/\/initiative-hungerberg.de\/index.php?rest_route=%2Fwp%2Fv2%2Fcomments&post=1736"}],"version-history":[{"count":3,"href":"https:\/\/initiative-hungerberg.de\/index.php?rest_route=\/wp\/v2\/posts\/1736\/revisions"}],"predecessor-version":[{"id":1740,"href":"https:\/\/initiative-hungerberg.de\/index.php?rest_route=\/wp\/v2\/posts\/1736\/revisions\/1740"}],"wp:featuredmedia":[{"embeddable":true,"href":"https:\/\/initiative-hungerberg.de\/index.php?rest_route=\/wp\/v2\/media\/1737"}],"wp:attachment":[{"href":"https:\/\/initiative-hungerberg.de\/index.php?rest_route=%2Fwp%2Fv2%2Fmedia&parent=1736"}],"wp:term":[{"taxonomy":"category","embeddable":true,"href":"https:\/\/initiative-hungerberg.de\/index.php?rest_route=%2Fwp%2Fv2%2Fcategories&post=1736"},{"taxonomy":"post_tag","embeddable":true,"href":"https:\/\/initiative-hungerberg.de\/index.php?rest_route=%2Fwp%2Fv2%2Ftags&post=1736"}],"curies":[{"name":"wp","href":"https:\/\/api.w.org\/{rel}","templated":true}]}}